{"id":379,"date":"2025-07-16T22:39:14","date_gmt":"2025-07-16T22:39:14","guid":{"rendered":"https:\/\/expertiagrup.com\/ca\/?p=379"},"modified":"2025-07-16T22:41:26","modified_gmt":"2025-07-16T22:41:26","slug":"jubilacio-quota-autonoms-base-cotitzacio","status":"publish","type":"post","link":"https:\/\/expertiagrup.com\/ca\/blog\/2025\/07\/16\/jubilacio-quota-autonoms-base-cotitzacio\/","title":{"rendered":"Jubilaci\u00f3 i quota d\u2019aut\u00f2noms: com afecta el que cotitzes al que cobrar\u00e0s"},"content":{"rendered":"\n<p>\u00c9s una de les preguntes m\u00e9s freq\u00fcents entre els aut\u00f2noms que fa anys que treballen pel seu compte:<br>\u201c<strong>I quan em jubili, quant cobrar\u00e9?<\/strong>\u201d<\/p>\n\n\n\n<p>La resposta, com t\u2019imagines, <strong>dep\u00e8n de molts factors<\/strong>, per\u00f2 n\u2019hi ha un que \u00e9s clau: <strong>la base per la qual has estat cotitzant<\/strong> al llarg dels anys.<\/p>\n\n\n\n<p><br>\u00c9s a dir, la <strong>quota d<\/strong>\u2019<strong>aut\u00f2nom que has anat pagant<\/strong>.<\/p>\n\n\n\n<p>A <strong>Expertia<\/strong>, sovint ajudem a fer c\u00e0lculs i simulacions per saber qu\u00e8 pots esperar\u2026 i qu\u00e8 pots fer ara per millorar la teva pensi\u00f3 futura.<\/p>\n\n\n\n<p class=\"has-medium-font-size\"><strong>El sistema actual: cotitzaci\u00f3 per rendiments<\/strong><\/p>\n\n\n\n<p>Des de 2023, la quota d\u2019aut\u00f2noms es calcula segons els <strong>rendiments nets reals<\/strong>.<\/p>\n\n\n\n<p><br>Per tant, <strong>pots escollir un tram de cotitzaci\u00f3<\/strong>, i dins d\u2019aquest tram, triar si vols cotitzar per la base m\u00ednima o una mica m\u00e9s alt.<\/p>\n\n\n\n<p>I aqu\u00ed \u00e9s on entra el tema clau: <strong>com m\u00e9s alta sigui la teva base de cotitzaci\u00f3, millor ser\u00e0 la pensi\u00f3 que t<\/strong>\u2019<strong>assegurar\u00e0s el dia de dem\u00e0<\/strong>.<\/p>\n\n\n\n<p>&#x1f4a1;<strong> Tip d\u2019Expertia:<\/strong> Si el teu rendiment net com aut\u00f2nom t\u2019ho permet, planteja\u2019t pujar la base a la m\u00e0xima del tram que et toca, en els \u00faltims anys abans de jubilar-te. \u00c9s on l\u2019impacte sobre la pensi\u00f3 \u00e9s m\u00e9s directe i notori.<\/p>\n\n\n\n<p class=\"has-medium-font-size\"><strong>Com es calcula la pensi\u00f3 d<\/strong>\u2019<strong>un aut\u00f2nom?<\/strong><\/p>\n\n\n\n<p>La pensi\u00f3 de jubilaci\u00f3 es calcula tenint en compte:<\/p>\n\n\n\n<ul class=\"wp-block-list\">\n<li>Les <strong>bases de cotitzaci\u00f3<\/strong> dels \u00faltims 25 anys (o els m\u00e9s beneficiosos, segons els canvis previstos a partir de 2027)<\/li>\n\n\n\n<li>Els <strong>anys cotitzats<\/strong><\/li>\n\n\n\n<li>L\u2019edat en qu\u00e8 et jubiles<\/li>\n\n\n\n<li>I si et jubiles amb penalitzaci\u00f3 o sense<\/li>\n\n\n\n<li>Si demores la teva jubilaci\u00f3\u00a0<\/li>\n\n\n\n<li>O si tries jubilaci\u00f3 parcial, ja que tens previst continuar treballant de forma parcial\u00a0<\/li>\n<\/ul>\n\n\n\n<p>Per exemple:<\/p>\n\n\n\n<ul class=\"wp-block-list\">\n<li>Si has cotitzat <strong>durant 37 anys<\/strong> i arribes a l\u2019edat ordin\u00e0ria (67 anys), <strong>tens dret al 100% de la base reguladora.<\/strong><\/li>\n\n\n\n<li>Si tens <strong>bases de cotitzaci<\/strong>\u00f3 <strong>baixes<\/strong>, la pensi\u00f3 ser\u00e0 proporcionalment m\u00e9s baixa.<\/li>\n<\/ul>\n\n\n\n<p class=\"has-medium-font-size\"><strong>Simulaci\u00f3 orientativa: dues situacions habituals<\/strong><\/p>\n\n\n\n<p><strong>Cas 1: aut\u00f2nom amb cotitzaci\u00f3 m\u00ednima durant tota la vida (base: 960 \u20ac\/mes)<\/strong><br>\u2192 Pensi\u00f3 aproximada: 725\u2013770\u202f\u20ac mensuals<\/p>\n\n\n\n<p><strong>Cas 2: aut\u00f2nom que ha cotitzat 20 anys per la base m\u00ednima i 10 anys finals per base mitjana-alta (1.500\u20131.800 \u20ac\/mes)<\/strong><br>\u2192 Pensi\u00f3 aproximada: 1.050\u20131.200\u202f\u20ac mensuals<\/p>\n\n\n\n<p>Aquestes xifres s\u00f3n orientatives i poden variar segons altres variables (ajornaments, bonificacions, etc.).<\/p>\n\n\n\n<p>&#x1f4a1; <strong>Tip d\u2019Expertia:<\/strong> Un petit augment en la base els \u00faltims 10 anys pot marcar una difer\u00e8ncia mensual important a la jubilaci\u00f3. Et compensa fer n\u00fameros.<\/p>\n\n\n\n<p class=\"has-medium-font-size\"><strong>Puc fer alguna cosa si ja em falta poc per jubilar-me?<\/strong><\/p>\n\n\n\n<p>S\u00ed. Tot i que el sistema \u00e9s progressiu i l\u2019efecte de la cotitzaci\u00f3 \u00e9s acumulatiu, <strong>els <\/strong>\u00fa<strong>ltims anys abans de jubilar-se poden marcar la difer\u00e8ncia.<\/strong><\/p>\n\n\n\n<ul class=\"wp-block-list\">\n<li>Pujar la base dins del teu tram<\/li>\n\n\n\n<li>Cotitzar per la m\u00e0xima dins del tram actual<\/li>\n\n\n\n<li>Valorar el teu historial de bases amb una simulaci\u00f3 realista<\/li>\n<\/ul>\n\n\n\n<p>A m\u00e9s, \u00e9s important tenir en compte possibles <strong>retards en l<\/strong>\u2019<strong>edat de jubilaci\u00f3<\/strong> o <strong>jubilacions anticipades amb penalitzaci\u00f3<\/strong> si et jubiles abans de temps.<\/p>\n\n\n\n<p class=\"has-medium-font-size\"><strong>Conclusi\u00f3: jubilar-se tranquil comen\u00e7a molt abans<\/strong><\/p>\n\n\n\n<p>La pensi\u00f3 no es construeix l\u2019\u00faltim any, sin\u00f3 amb una bona planificaci\u00f3 al llarg del temps.<br><\/p>\n\n\n\n<p>Amb el nou sistema per rendiments, tens l\u2019oportunitat d\u2019ajustar la teva cotitzaci\u00f3 segons la teva realitat\u2026 per\u00f2 tamb\u00e9 segons el que <strong>vols garantir-te quan et retiris.<\/strong><\/p>\n\n\n\n<p>A <strong>Expertia<\/strong> t\u2019ajudem a:<\/p>\n\n\n\n<ul class=\"wp-block-list\">\n<li>Fer una simulaci\u00f3 personalitzada<\/li>\n\n\n\n<li>Revisar la teva base i els teus drets actuals<\/li>\n\n\n\n<li>Decidir quan i com pujar la cotitzaci\u00f3<\/li>\n<\/ul>\n\n\n\n<h2 class=\"wp-block-heading has-medium-font-size\"><strong>Vols saber com et quedar\u00e0 la pensi\u00f3 segons el que est\u00e0s cotitzant ara? Parlem.<\/strong><\/h2>\n\n\n\n<p><\/p>\n","protected":false},"excerpt":{"rendered":"<p>\u00c9s una de les preguntes m\u00e9s freq\u00fcents entre els aut\u00f2noms que fa anys que treballen pel seu compte:\u201cI quan em jubili, quant cobrar\u00e9?\u201d La resposta, com t\u2019imagines, dep\u00e8n de molts factors, per\u00f2 n\u2019hi ha un que \u00e9s clau: la base per la qual has estat cotitzant al llarg dels anys. \u00c9s a dir, la quota [&hellip;]<\/p>\n","protected":false},"author":4,"featured_media":367,"comment_status":"closed","ping_status":"closed","sticky":false,"template":"","format":"standard","meta":{"_acf_changed":false,"footnotes":""},"categories":[4],"tags":[18,19,20],"class_list":["post-379","post","type-post","status-publish","format-standard","has-post-thumbnail","hentry","category-afers-externs","tag-societat","tag-sl","tag-societat-limitada"],"acf":[],"yoast_head":"<!-- This site is optimized with the Yoast SEO plugin v24.9 - https:\/\/yoast.com\/wordpress\/plugins\/seo\/ -->\n<title>Jubilaci\u00f3 i quota d\u2019aut\u00f2noms: com afecta el que cotitzes al que cobrar\u00e0s - EXPERTIA GRUP<\/title>\n<meta name=\"description\" content=\"Descobreix com la teva base de cotitzaci\u00f3 com a aut\u00f2nom influeix directament en la pensi\u00f3 que rebr\u00e0s. A Expertia t\u2019ajudem amb simulacions i assessorament personalitzat.\" \/>\n<meta name=\"robots\" content=\"index, follow, max-snippet:-1, max-image-preview:large, max-video-preview:-1\" \/>\n<link rel=\"canonical\" href=\"https:\/\/expertiagrup.com\/ca\/blog\/2025\/07\/16\/jubilacio-quota-autonoms-base-cotitzacio\/\" \/>\n<meta property=\"og:locale\" content=\"ca_ES\" \/>\n<meta property=\"og:type\" content=\"article\" \/>\n<meta property=\"og:title\" content=\"Jubilaci\u00f3 i quota d\u2019aut\u00f2noms: com afecta el que cotitzes al que cobrar\u00e0s - EXPERTIA GRUP\" \/>\n<meta property=\"og:description\" content=\"Descobreix com la teva base de cotitzaci\u00f3 com a aut\u00f2nom influeix directament en la pensi\u00f3 que rebr\u00e0s. A Expertia t\u2019ajudem amb simulacions i assessorament personalitzat.\" \/>\n<meta property=\"og:url\" content=\"https:\/\/expertiagrup.com\/ca\/blog\/2025\/07\/16\/jubilacio-quota-autonoms-base-cotitzacio\/\" \/>\n<meta property=\"og:site_name\" content=\"EXPERTIA GRUP\" \/>\n<meta property=\"article:published_time\" content=\"2025-07-16T22:39:14+00:00\" \/>\n<meta property=\"article:modified_time\" content=\"2025-07-16T22:41:26+00:00\" \/>\n<meta property=\"og:image\" content=\"https:\/\/expertiagrup.com\/ca\/wp-content\/uploads\/sites\/3\/Jubilacio-i-quota-autonoms.png\" \/>\n\t<meta property=\"og:image:width\" content=\"600\" \/>\n\t<meta property=\"og:image:height\" content=\"436\" \/>\n\t<meta property=\"og:image:type\" content=\"image\/png\" \/>\n<meta name=\"author\" content=\"cristina\" \/>\n<meta name=\"twitter:card\" content=\"summary_large_image\" \/>\n<meta name=\"twitter:label1\" content=\"Escrit per\" \/>\n\t<meta name=\"twitter:data1\" content=\"cristina\" \/>\n\t<meta name=\"twitter:label2\" content=\"Temps estimat de lectura\" \/>\n\t<meta name=\"twitter:data2\" content=\"4 minuts\" \/>\n<script type=\"application\/ld+json\" class=\"yoast-schema-graph\">{\"@context\":\"https:\/\/schema.org\",\"@graph\":[{\"@type\":\"WebPage\",\"@id\":\"https:\/\/expertiagrup.com\/ca\/blog\/2025\/07\/16\/jubilacio-quota-autonoms-base-cotitzacio\/\",\"url\":\"https:\/\/expertiagrup.com\/ca\/blog\/2025\/07\/16\/jubilacio-quota-autonoms-base-cotitzacio\/\",\"name\":\"Jubilaci\u00f3 i quota d\u2019aut\u00f2noms: com afecta el que cotitzes al que cobrar\u00e0s - EXPERTIA GRUP\",\"isPartOf\":{\"@id\":\"https:\/\/expertiagrup.com\/ca\/#website\"},\"primaryImageOfPage\":{\"@id\":\"https:\/\/expertiagrup.com\/ca\/blog\/2025\/07\/16\/jubilacio-quota-autonoms-base-cotitzacio\/#primaryimage\"},\"image\":{\"@id\":\"https:\/\/expertiagrup.com\/ca\/blog\/2025\/07\/16\/jubilacio-quota-autonoms-base-cotitzacio\/#primaryimage\"},\"thumbnailUrl\":\"https:\/\/expertiagrup.com\/ca\/wp-content\/uploads\/sites\/3\/Jubilacio-i-quota-autonoms.png\",\"datePublished\":\"2025-07-16T22:39:14+00:00\",\"dateModified\":\"2025-07-16T22:41:26+00:00\",\"author\":{\"@id\":\"https:\/\/expertiagrup.com\/ca\/#\/schema\/person\/f175ec6f54386af051b4d6c052c8676f\"},\"description\":\"Descobreix com la teva base de cotitzaci\u00f3 com a aut\u00f2nom influeix directament en la pensi\u00f3 que rebr\u00e0s. A Expertia t\u2019ajudem amb simulacions i assessorament personalitzat.\",\"breadcrumb\":{\"@id\":\"https:\/\/expertiagrup.com\/ca\/blog\/2025\/07\/16\/jubilacio-quota-autonoms-base-cotitzacio\/#breadcrumb\"},\"inLanguage\":\"ca\",\"potentialAction\":[{\"@type\":\"ReadAction\",\"target\":[\"https:\/\/expertiagrup.com\/ca\/blog\/2025\/07\/16\/jubilacio-quota-autonoms-base-cotitzacio\/\"]}]},{\"@type\":\"ImageObject\",\"inLanguage\":\"ca\",\"@id\":\"https:\/\/expertiagrup.com\/ca\/blog\/2025\/07\/16\/jubilacio-quota-autonoms-base-cotitzacio\/#primaryimage\",\"url\":\"https:\/\/expertiagrup.com\/ca\/wp-content\/uploads\/sites\/3\/Jubilacio-i-quota-autonoms.png\",\"contentUrl\":\"https:\/\/expertiagrup.com\/ca\/wp-content\/uploads\/sites\/3\/Jubilacio-i-quota-autonoms.png\",\"width\":600,\"height\":436,\"caption\":\"Jubilacio-i-quota-autonoms\"},{\"@type\":\"BreadcrumbList\",\"@id\":\"https:\/\/expertiagrup.com\/ca\/blog\/2025\/07\/16\/jubilacio-quota-autonoms-base-cotitzacio\/#breadcrumb\",\"itemListElement\":[{\"@type\":\"ListItem\",\"position\":1,\"name\":\"Portada\",\"item\":\"https:\/\/expertiagrup.com\/ca\/\"},{\"@type\":\"ListItem\",\"position\":2,\"name\":\"Jubilaci\u00f3 i quota d\u2019aut\u00f2noms: com afecta el que cotitzes al que cobrar\u00e0s\"}]},{\"@type\":\"WebSite\",\"@id\":\"https:\/\/expertiagrup.com\/ca\/#website\",\"url\":\"https:\/\/expertiagrup.com\/ca\/\",\"name\":\"EXPERTIA GRUP\",\"description\":\"Una Assessoria \u00e9s m\u00e9s apropiada que una Consultoria per abordar solucions de moderada complexitat en \u00e0mbits on el client compta amb experi\u00e8ncia metodol\u00f2gica pr\u00f2pia, per\u00f2 on tot i aix\u00ed requereix contrastar el seu enfocament amb una visi\u00f3 externa, objectiva i experta\",\"potentialAction\":[{\"@type\":\"SearchAction\",\"target\":{\"@type\":\"EntryPoint\",\"urlTemplate\":\"https:\/\/expertiagrup.com\/ca\/?s={search_term_string}\"},\"query-input\":{\"@type\":\"PropertyValueSpecification\",\"valueRequired\":true,\"valueName\":\"search_term_string\"}}],\"inLanguage\":\"ca\"},{\"@type\":\"Person\",\"@id\":\"https:\/\/expertiagrup.com\/ca\/#\/schema\/person\/f175ec6f54386af051b4d6c052c8676f\",\"name\":\"cristina\",\"image\":{\"@type\":\"ImageObject\",\"inLanguage\":\"ca\",\"@id\":\"https:\/\/expertiagrup.com\/ca\/#\/schema\/person\/image\/\",\"url\":\"https:\/\/secure.gravatar.com\/avatar\/24605ad0df0380a1eb3497ea4c291898536bf9ff726cc38e2974e49ca51b7fb9?s=96&d=mm&r=g\",\"contentUrl\":\"https:\/\/secure.gravatar.com\/avatar\/24605ad0df0380a1eb3497ea4c291898536bf9ff726cc38e2974e49ca51b7fb9?s=96&d=mm&r=g\",\"caption\":\"cristina\"},\"url\":\"https:\/\/expertiagrup.com\/ca\/blog\/author\/cristina\/\"}]}<\/script>\n<!-- \/ Yoast SEO plugin. -->","yoast_head_json":{"title":"Jubilaci\u00f3 i quota d\u2019aut\u00f2noms: com afecta el que cotitzes al que cobrar\u00e0s - EXPERTIA GRUP","description":"Descobreix com la teva base de cotitzaci\u00f3 com a aut\u00f2nom influeix directament en la pensi\u00f3 que rebr\u00e0s. A Expertia t\u2019ajudem amb simulacions i assessorament personalitzat.","robots":{"index":"index","follow":"follow","max-snippet":"max-snippet:-1","max-image-preview":"max-image-preview:large","max-video-preview":"max-video-preview:-1"},"canonical":"https:\/\/expertiagrup.com\/ca\/blog\/2025\/07\/16\/jubilacio-quota-autonoms-base-cotitzacio\/","og_locale":"ca_ES","og_type":"article","og_title":"Jubilaci\u00f3 i quota d\u2019aut\u00f2noms: com afecta el que cotitzes al que cobrar\u00e0s - EXPERTIA GRUP","og_description":"Descobreix com la teva base de cotitzaci\u00f3 com a aut\u00f2nom influeix directament en la pensi\u00f3 que rebr\u00e0s. A Expertia t\u2019ajudem amb simulacions i assessorament personalitzat.","og_url":"https:\/\/expertiagrup.com\/ca\/blog\/2025\/07\/16\/jubilacio-quota-autonoms-base-cotitzacio\/","og_site_name":"EXPERTIA GRUP","article_published_time":"2025-07-16T22:39:14+00:00","article_modified_time":"2025-07-16T22:41:26+00:00","og_image":[{"width":600,"height":436,"url":"https:\/\/expertiagrup.com\/ca\/wp-content\/uploads\/sites\/3\/Jubilacio-i-quota-autonoms.png","type":"image\/png"}],"author":"cristina","twitter_card":"summary_large_image","twitter_misc":{"Escrit per":"cristina","Temps estimat de lectura":"4 minuts"},"schema":{"@context":"https:\/\/schema.org","@graph":[{"@type":"WebPage","@id":"https:\/\/expertiagrup.com\/ca\/blog\/2025\/07\/16\/jubilacio-quota-autonoms-base-cotitzacio\/","url":"https:\/\/expertiagrup.com\/ca\/blog\/2025\/07\/16\/jubilacio-quota-autonoms-base-cotitzacio\/","name":"Jubilaci\u00f3 i quota d\u2019aut\u00f2noms: com afecta el que cotitzes al que cobrar\u00e0s - EXPERTIA GRUP","isPartOf":{"@id":"https:\/\/expertiagrup.com\/ca\/#website"},"primaryImageOfPage":{"@id":"https:\/\/expertiagrup.com\/ca\/blog\/2025\/07\/16\/jubilacio-quota-autonoms-base-cotitzacio\/#primaryimage"},"image":{"@id":"https:\/\/expertiagrup.com\/ca\/blog\/2025\/07\/16\/jubilacio-quota-autonoms-base-cotitzacio\/#primaryimage"},"thumbnailUrl":"https:\/\/expertiagrup.com\/ca\/wp-content\/uploads\/sites\/3\/Jubilacio-i-quota-autonoms.png","datePublished":"2025-07-16T22:39:14+00:00","dateModified":"2025-07-16T22:41:26+00:00","author":{"@id":"https:\/\/expertiagrup.com\/ca\/#\/schema\/person\/f175ec6f54386af051b4d6c052c8676f"},"description":"Descobreix com la teva base de cotitzaci\u00f3 com a aut\u00f2nom influeix directament en la pensi\u00f3 que rebr\u00e0s. A Expertia t\u2019ajudem amb simulacions i assessorament personalitzat.","breadcrumb":{"@id":"https:\/\/expertiagrup.com\/ca\/blog\/2025\/07\/16\/jubilacio-quota-autonoms-base-cotitzacio\/#breadcrumb"},"inLanguage":"ca","potentialAction":[{"@type":"ReadAction","target":["https:\/\/expertiagrup.com\/ca\/blog\/2025\/07\/16\/jubilacio-quota-autonoms-base-cotitzacio\/"]}]},{"@type":"ImageObject","inLanguage":"ca","@id":"https:\/\/expertiagrup.com\/ca\/blog\/2025\/07\/16\/jubilacio-quota-autonoms-base-cotitzacio\/#primaryimage","url":"https:\/\/expertiagrup.com\/ca\/wp-content\/uploads\/sites\/3\/Jubilacio-i-quota-autonoms.png","contentUrl":"https:\/\/expertiagrup.com\/ca\/wp-content\/uploads\/sites\/3\/Jubilacio-i-quota-autonoms.png","width":600,"height":436,"caption":"Jubilacio-i-quota-autonoms"},{"@type":"BreadcrumbList","@id":"https:\/\/expertiagrup.com\/ca\/blog\/2025\/07\/16\/jubilacio-quota-autonoms-base-cotitzacio\/#breadcrumb","itemListElement":[{"@type":"ListItem","position":1,"name":"Portada","item":"https:\/\/expertiagrup.com\/ca\/"},{"@type":"ListItem","position":2,"name":"Jubilaci\u00f3 i quota d\u2019aut\u00f2noms: com afecta el que cotitzes al que cobrar\u00e0s"}]},{"@type":"WebSite","@id":"https:\/\/expertiagrup.com\/ca\/#website","url":"https:\/\/expertiagrup.com\/ca\/","name":"EXPERTIA GRUP","description":"Una Assessoria \u00e9s m\u00e9s apropiada que una Consultoria per abordar solucions de moderada complexitat en \u00e0mbits on el client compta amb experi\u00e8ncia metodol\u00f2gica pr\u00f2pia, per\u00f2 on tot i aix\u00ed requereix contrastar el seu enfocament amb una visi\u00f3 externa, objectiva i experta","potentialAction":[{"@type":"SearchAction","target":{"@type":"EntryPoint","urlTemplate":"https:\/\/expertiagrup.com\/ca\/?s={search_term_string}"},"query-input":{"@type":"PropertyValueSpecification","valueRequired":true,"valueName":"search_term_string"}}],"inLanguage":"ca"},{"@type":"Person","@id":"https:\/\/expertiagrup.com\/ca\/#\/schema\/person\/f175ec6f54386af051b4d6c052c8676f","name":"cristina","image":{"@type":"ImageObject","inLanguage":"ca","@id":"https:\/\/expertiagrup.com\/ca\/#\/schema\/person\/image\/","url":"https:\/\/secure.gravatar.com\/avatar\/24605ad0df0380a1eb3497ea4c291898536bf9ff726cc38e2974e49ca51b7fb9?s=96&d=mm&r=g","contentUrl":"https:\/\/secure.gravatar.com\/avatar\/24605ad0df0380a1eb3497ea4c291898536bf9ff726cc38e2974e49ca51b7fb9?s=96&d=mm&r=g","caption":"cristina"},"url":"https:\/\/expertiagrup.com\/ca\/blog\/author\/cristina\/"}]}},"_links":{"self":[{"href":"https:\/\/expertiagrup.com\/ca\/wp-json\/wp\/v2\/posts\/379","targetHints":{"allow":["GET"]}}],"collection":[{"href":"https:\/\/expertiagrup.com\/ca\/wp-json\/wp\/v2\/posts"}],"about":[{"href":"https:\/\/expertiagrup.com\/ca\/wp-json\/wp\/v2\/types\/post"}],"author":[{"embeddable":true,"href":"https:\/\/expertiagrup.com\/ca\/wp-json\/wp\/v2\/users\/4"}],"replies":[{"embeddable":true,"href":"https:\/\/expertiagrup.com\/ca\/wp-json\/wp\/v2\/comments?post=379"}],"version-history":[{"count":2,"href":"https:\/\/expertiagrup.com\/ca\/wp-json\/wp\/v2\/posts\/379\/revisions"}],"predecessor-version":[{"id":382,"href":"https:\/\/expertiagrup.com\/ca\/wp-json\/wp\/v2\/posts\/379\/revisions\/382"}],"wp:featuredmedia":[{"embeddable":true,"href":"https:\/\/expertiagrup.com\/ca\/wp-json\/wp\/v2\/media\/367"}],"wp:attachment":[{"href":"https:\/\/expertiagrup.com\/ca\/wp-json\/wp\/v2\/media?parent=379"}],"wp:term":[{"taxonomy":"category","embeddable":true,"href":"https:\/\/expertiagrup.com\/ca\/wp-json\/wp\/v2\/categories?post=379"},{"taxonomy":"post_tag","embeddable":true,"href":"https:\/\/expertiagrup.com\/ca\/wp-json\/wp\/v2\/tags?post=379"}],"curies":[{"name":"wp","href":"https:\/\/api.w.org\/{rel}","templated":true}]}}