{"id":302,"date":"2025-04-22T17:06:57","date_gmt":"2025-04-22T17:06:57","guid":{"rendered":"https:\/\/expertiagrup.com\/ca\/?p=302"},"modified":"2025-04-22T17:06:57","modified_gmt":"2025-04-22T17:06:57","slug":"declaracio-de-la-renda-tot-el-que-cal-saber","status":"publish","type":"post","link":"https:\/\/expertiagrup.com\/ca\/blog\/2025\/04\/22\/declaracio-de-la-renda-tot-el-que-cal-saber\/","title":{"rendered":"La declaraci\u00f3 de la Renda: tot el que cal saber (sense perdre els nervis pel cam\u00ed)"},"content":{"rendered":"\n<p>Arriba aquella \u00e8poca de l\u2019any en qu\u00e8 ens preguntem\u2026<\/p>\n\n\n\n<p><em>\u201c<\/em><em>Aquest any em surt a pagar o em tornaran alguna cosa?\u201d<\/em><br><em>\u201c<\/em><em>He de declarar si estic a l<\/em><em>\u2019<\/em><em>atur?<\/em><em>\u201d<\/em><br><em>\u201c<\/em><em>On he posat el paperet aquell de l<\/em><em>\u2019<\/em><em>hipoteca?<\/em><em>\u201d<\/em><\/p>\n\n\n\n<p>S\u00ed, \u00e9s temporada de <strong>declaraci\u00f3 de l\u2019IRPF<\/strong>, per\u00f2 calma: a Expertia <strong>ens ho prenem seriosament perqu\u00e8 tu no hagis de fer-ho<\/strong>.<\/p>\n\n\n\n<p>Si ets dels que veu el model 100 i li entra picor, aquest article \u00e9s per a tu.<\/p>\n\n\n\n<h2 class=\"wp-block-heading\">Primer de tot: quan comen\u00e7a la declaraci\u00f3 de la renda?<\/h2>\n\n\n\n<p>Cada any, cap a l\u2019abril, s\u2019obre el termini per fer la declaraci\u00f3 de la renda i patrimoni corresponent a l\u2019exercici anterior, i finalitza a final de juny.<\/p>\n\n\n\n<ul class=\"wp-block-list\">\n<li><strong>Aquest any, el per\u00edode de declaraci\u00f3 de la Renda de l\u2019exercici 2024 va del 2 d\u2019abril al 30 de juny de 2025.<\/strong><\/li>\n<\/ul>\n\n\n\n<p>No ho deixis per al darrer dia, que llavors tot s\u00f3n presses i mals de cap. Fer la declaraci\u00f3 amb temps et dona la tranquil\u00b7litat de tenir-ho tot controlat i assegurar que tot est\u00e0 perfecte.<\/p>\n\n\n\n<p>&#x1f4a1; <strong>Tip d<\/strong><strong>\u2019<\/strong><strong>Expertia:<\/strong> Presentar fora de termini pot comportar rec\u00e0rrecs. <strong>Millor fer-ho amb temps i tranquil\u00b7litat<\/strong>. I si ho fas amb nosaltres, encara millor.<\/p>\n\n\n\n<ul class=\"wp-block-list\">\n<li><strong>Comen\u00e7a avui: demana hora ja i fes la declaraci\u00f3 sense complicacions!<\/strong><\/li>\n\n\n\n<li>972 30 27 58<\/li>\n\n\n\n<li><a href=\"mailto:info@expertiagrup.com\">info@expertiagrup.com<\/a><\/li>\n<\/ul>\n\n\n\n<h2 class=\"wp-block-heading\">Documentaci\u00f3 b\u00e0sica per no perdre&#8217;s entre papers<\/h2>\n\n\n\n<p>Per fer la declaraci\u00f3 correctament, cal tenir\u00a0 a m\u00e0 algunes coses b\u00e0siques:<\/p>\n\n\n\n<ul class=\"wp-block-list\">\n<li>Dades personals actualitzades (DNI, domicili, estat civil\u2026)<\/li>\n\n\n\n<li>Certificats de rendiments del treball<\/li>\n\n\n\n<li>Certificats bancaris i d\u2019inversions<\/li>\n\n\n\n<li>Rebuts o certificats de donacions<\/li>\n\n\n\n<li>Despeses dedu\u00efbles (hipoteca, lloguer, aportacions a plans de pensions&#8230;)<\/li>\n\n\n\n<li>Informaci\u00f3 sobre b\u00e9ns immobles, si en tens<\/li>\n<\/ul>\n\n\n\n<p>Atenci\u00f3! Si has rebut ingressos per lloguers, inversions, criptomonedes o ets aut\u00f2nom, cal una revisi\u00f3 m\u00e9s detallada.<\/p>\n\n\n\n<p>&#x1f4a1; <strong>Tip d<\/strong><strong>\u2019<\/strong><strong>Expertia:<\/strong> Si cada any et passes hores buscant papers entre calaixos, considera <strong>digitalitzar la documentaci\u00f3 durant l<\/strong><strong>\u2019<\/strong><strong>any<\/strong>. A nosaltres ens far\u00e0 m\u00e9s feli\u00e7os, i a tu et far\u00e0 la vida m\u00e9s f\u00e0cil.<\/p>\n\n\n\n<h2 class=\"wp-block-heading\">Canvis habituals i per qu\u00e8 conv\u00e9 fer-la amb un professional<\/h2>\n\n\n\n<p>La normativa canvia m\u00e9s sovint del que ens agradaria. Per exemple, un any puja el m\u00ednim per declarar, l\u2019altre hi ha bonificacions noves\u2026<\/p>\n\n\n\n<p><strong>Un detall mal posat pot fer que passis de cobrar a pagar<\/strong>, o al rev\u00e9s.<\/p>\n\n\n\n<p>A Expertia estem al dia de totes les novetats i sabem com fer la declaraci\u00f3 perqu\u00e8 <strong>surti el millor resultat possible dins la legalitat<\/strong>.<\/p>\n\n\n\n<p>&#x1f4a1; <strong>Tip d\u2019Expertia:<\/strong> No \u00e9s nom\u00e9s omplir caselles o confirmar l\u2019esborrany<a>. <\/a>\u00c9s saber <strong>qu\u00e8 pots declarar, qu\u00e8 pots desgravar, i quan et conv\u00e9 fer-ho<\/strong>. Una decisi\u00f3 ben assessorada et pot estalviar diners.<\/p>\n\n\n\n<h2 class=\"wp-block-heading\">Novetats de la Renda 2024: qu\u00e8 ha canviat aquest any?<\/h2>\n\n\n\n<p>Aqu\u00ed tens un resum de les principals novetats que cal tenir en compte abans d\u2019enviar el fam\u00f3s model 100.<\/p>\n\n\n\n<p><strong>1. Ara pots pagar la declaraci\u00f3 amb&#8230; Bizum!<\/strong><\/p>\n\n\n\n<p>S\u00ed, com ho sents. Aquest any, Hisenda permet fer el pagament de la declaraci\u00f3 a trav\u00e9s de Bizum, a m\u00e9s de les opcions habituals com la domiciliaci\u00f3 banc\u00e0ria, el c\u00e0rrec en compte o el pagament amb NRC.<\/p>\n\n\n\n<p>Tingues en compte que cada entitat banc\u00e0ria pot establir l\u00edmits diferents per a aquest servei. Abans de pagar, assegura\u2019t que l\u2019import no supera el m\u00e0xim perm\u00e8s pel teu banc.<\/p>\n\n\n\n<p><strong>2. Nous l\u00edmits per declarar si tens rendes del treball<\/strong><\/p>\n\n\n\n<p>Aqu\u00ed hi ha canvis importants. Si guanyes menys de 15.876 \u20ac anuals en rendiments del treball, pots estar exempt de declarar, independentment del nombre de pagadors.<\/p>\n\n\n\n<p>A m\u00e9s, s\u2019ha ampliat la reducci\u00f3 per rendiments del treball: la deducci\u00f3 pot arribar fins als 7.302 \u20ac (l\u2019any passat era de 6.498 \u20ac).<\/p>\n\n\n\n<ul class=\"wp-block-list\">\n<li>Tradu\u00eft: potser aquest any et surt m\u00e9s a retornar si tens rendes modestes. Tot suma!<\/li>\n<\/ul>\n\n\n\n<p><strong>3. Si has cobrat atur, est\u00e0s obligat a declarar<\/strong><\/p>\n\n\n\n<p>Aquesta novetat ha agafat per sorpresa a m\u00e9s d\u2019un. Si el 2024 has cobrat prestacions per desocupaci\u00f3, has de presentar la declaraci\u00f3, encara que el que hagis cobrat sigui inferior als 15.876 \u20ac. Aquesta mesura no \u00e9s fiscal, sin\u00f3 que ve de la Seguretat Social. No fer-ho pot implicar la p\u00e8rdua del subsidi o la prestaci\u00f3.<\/p>\n\n\n\n<p>I si reps l\u2019ingr\u00e9s m\u00ednim vital, ja ho saps: tamb\u00e9 est\u00e0s obligat a fer la declaraci\u00f3, inclosos els menors que l\u2019han de presentar de manera individual o conjunta amb els seus pares.<\/p>\n\n\n\n<p><strong>4. Nova manera de corregir errors: autoliquidaci\u00f3 rectificativa<\/strong><\/p>\n\n\n\n<p>S\u2019ha acabat aix\u00f2 de demanar una rectificaci\u00f3 per un costat o presentar una complement\u00e0ria per un altre. Ara s\u2019implanta un \u00fanic sistema: la \u201cautoliquidaci\u00f3 rectificativa\u201d.<\/p>\n\n\n\n<p>Si t\u2019equivoques, podr\u00e0s modificar, completar o corregir la declaraci\u00f3 m\u00e9s f\u00e0cilment. M\u00e9s senzill, m\u00e9s clar, menys embolics.<\/p>\n\n\n\n<p>&#x1f4a1; <strong>Tip d\u2019Expertia:<\/strong> Si no tens clar si alguna d\u2019aquestes novetats t\u2019afecta, millor que ho revisem junts!<\/p>\n\n\n\n<h2 class=\"wp-block-heading\">I si tens hipoteca, fills o et planteges fer aportacions? Parlem-ne abans.<\/h2>\n\n\n\n<p>Un dels avantatges de treballar amb Expertia \u00e9s que <strong>no ens veus nom\u00e9s a la primavera com les al\u00b7l\u00e8rgies<\/strong>. Durant l\u2019any, estem pendents de tu.<\/p>\n\n\n\n<p>T\u2019assessorem puntualment sobre temes com:<\/p>\n\n\n\n<ul class=\"wp-block-list\">\n<li>Quan conv\u00e9 <strong>amortitzar hipoteca<\/strong>.<\/li>\n\n\n\n<li>Si et surt a compte <strong>fer aportacions a plans de pensions<\/strong>.<\/li>\n\n\n\n<li>Si pots deduir <strong>despeses m\u00e8diques, escolars o familiars<\/strong>.<\/li>\n<\/ul>\n\n\n\n<p>&#x1f4a1; <strong>Tip d<\/strong><strong>\u2019<\/strong><strong>Expertia:<\/strong> Trucar-nos abans de fer segons quines accions pot <strong>marcar la difer\u00e8ncia en el resultat de la renda<\/strong>. I s\u00ed, estarem encantats de parlar amb tu encara que no sigui campanya.<\/p>\n\n\n\n<h2 class=\"wp-block-heading\">Com funciona el nostre servei de renda?<\/h2>\n\n\n\n<ol class=\"wp-block-list\">\n<li><strong>Reserva cita pr\u00e8via. <\/strong>Pots fer la declaraci\u00f3 de forma presencial a les nostres oficines o online, com et vagi millor.<\/li>\n\n\n\n<li><strong>Porta<\/strong><strong>\u2019<\/strong><strong>ns la documentaci\u00f3<\/strong> (o envia-la per correu si ja ets de l\u2019equip paper-zero).<\/li>\n\n\n\n<li><strong>Ens encarreguem de tot<\/strong> i et mantenim informat.<\/li>\n\n\n\n<li><strong>Revisem i presentem la declaraci\u00f3<\/strong>. Tu nom\u00e9s has de donar el vistiplau.<\/li>\n<\/ol>\n\n\n\n<p>&#x1f4a1; <strong>Tip d<\/strong><strong>\u2019<\/strong><strong>Expertia:<\/strong> Com m\u00e9s aviat reservis la teva cita, <strong>millor podrem planificar i treballar sense presses<\/strong>.<strong><\/strong><\/p>\n\n\n\n<p><strong>Conclusi\u00f3: que la renda no sigui un maldecap<\/strong><strong><\/strong><\/p>\n\n\n\n<p>Fer la declaraci\u00f3 de la renda <strong>no hauria de ser un mal tr\u00e0ngol anual<\/strong>.<\/p>\n\n\n\n<p>Amb l\u2019assessorament adequat, pot ser una oportunitat per revisar la teva situaci\u00f3, optimitzar recursos i aprofitar avantatges fiscals.<\/p>\n\n\n\n<p>&#x1f4de; <strong>Vols fer-la b\u00e9 i sense patir?<\/strong> Contacta amb <strong>Expertia<\/strong> i reserva la teva cita. Et donarem tranquil\u00b7litat, claredat i l\u2019atenci\u00f3 personal que et mereixes.<\/p>\n\n\n\n<ul class=\"wp-block-list\">\n<li><strong>972 30 27 58<\/strong><\/li>\n\n\n\n<li><a href=\"mailto:info@expertiagrup.com\"><strong>info@expertiagrup.com<\/strong><\/a><\/li>\n<\/ul>\n\n\n\n<h2 class=\"wp-block-heading\">A Expertia Grup t\u2019oferim un Servei AAA: Assessorament, Ajuda i Acompanyament.<\/h2>\n","protected":false},"excerpt":{"rendered":"<p>Arriba aquella \u00e8poca de l\u2019any en qu\u00e8 ens preguntem\u2026 \u201cAquest any em surt a pagar o em tornaran alguna cosa?\u201d\u201cHe de declarar si estic a l\u2019atur?\u201d\u201cOn he posat el paperet aquell de l\u2019hipoteca?\u201d S\u00ed, \u00e9s temporada de declaraci\u00f3 de l\u2019IRPF, per\u00f2 calma: a Expertia ens ho prenem seriosament perqu\u00e8 tu no hagis de fer-ho. Si [&hellip;]<\/p>\n","protected":false},"author":4,"featured_media":304,"comment_status":"closed","ping_status":"closed","sticky":false,"template":"","format":"standard","meta":{"_acf_changed":false,"footnotes":""},"categories":[4],"tags":[18,19,20],"class_list":["post-302","post","type-post","status-publish","format-standard","has-post-thumbnail","hentry","category-afers-externs","tag-societat","tag-sl","tag-societat-limitada"],"acf":[],"yoast_head":"<!-- This site is optimized with the Yoast SEO plugin v24.9 - https:\/\/yoast.com\/wordpress\/plugins\/seo\/ -->\n<title>La declaraci\u00f3 de la Renda: tot el que cal saber (sense perdre els nervis pel cam\u00ed) - EXPERTIA GRUP<\/title>\n<meta name=\"description\" content=\"A l&#039;abril i fins el juny s&#039;obre el termini per fer la declaraci\u00f3 de l&#039;IRPF de l&#039;any anterior. T&#039;expliquem tot el que necessites saber\" \/>\n<meta name=\"robots\" content=\"index, follow, max-snippet:-1, max-image-preview:large, max-video-preview:-1\" \/>\n<link rel=\"canonical\" href=\"https:\/\/expertiagrup.com\/ca\/blog\/2025\/04\/22\/declaracio-de-la-renda-tot-el-que-cal-saber\/\" \/>\n<meta property=\"og:locale\" content=\"ca_ES\" \/>\n<meta property=\"og:type\" content=\"article\" \/>\n<meta property=\"og:title\" content=\"La declaraci\u00f3 de la Renda: tot el que cal saber (sense perdre els nervis pel cam\u00ed) - EXPERTIA GRUP\" \/>\n<meta property=\"og:description\" content=\"A l&#039;abril i fins el juny s&#039;obre el termini per fer la declaraci\u00f3 de l&#039;IRPF de l&#039;any anterior. T&#039;expliquem tot el que necessites saber\" \/>\n<meta property=\"og:url\" content=\"https:\/\/expertiagrup.com\/ca\/blog\/2025\/04\/22\/declaracio-de-la-renda-tot-el-que-cal-saber\/\" \/>\n<meta property=\"og:site_name\" content=\"EXPERTIA GRUP\" \/>\n<meta property=\"article:published_time\" content=\"2025-04-22T17:06:57+00:00\" \/>\n<meta property=\"og:image\" content=\"https:\/\/expertiagrup.com\/ca\/wp-content\/uploads\/sites\/3\/asuntos-externos-declaracion-IRPF.png\" \/>\n\t<meta property=\"og:image:width\" content=\"600\" \/>\n\t<meta property=\"og:image:height\" content=\"436\" \/>\n\t<meta property=\"og:image:type\" content=\"image\/png\" \/>\n<meta name=\"author\" content=\"cristina\" \/>\n<meta name=\"twitter:card\" content=\"summary_large_image\" \/>\n<meta name=\"twitter:label1\" content=\"Escrit per\" \/>\n\t<meta name=\"twitter:data1\" content=\"cristina\" \/>\n\t<meta name=\"twitter:label2\" content=\"Temps estimat de lectura\" \/>\n\t<meta name=\"twitter:data2\" content=\"6 minuts\" \/>\n<script type=\"application\/ld+json\" class=\"yoast-schema-graph\">{\"@context\":\"https:\/\/schema.org\",\"@graph\":[{\"@type\":\"WebPage\",\"@id\":\"https:\/\/expertiagrup.com\/ca\/blog\/2025\/04\/22\/declaracio-de-la-renda-tot-el-que-cal-saber\/\",\"url\":\"https:\/\/expertiagrup.com\/ca\/blog\/2025\/04\/22\/declaracio-de-la-renda-tot-el-que-cal-saber\/\",\"name\":\"La declaraci\u00f3 de la Renda: tot el que cal saber (sense perdre els nervis pel cam\u00ed) - EXPERTIA GRUP\",\"isPartOf\":{\"@id\":\"https:\/\/expertiagrup.com\/ca\/#website\"},\"primaryImageOfPage\":{\"@id\":\"https:\/\/expertiagrup.com\/ca\/blog\/2025\/04\/22\/declaracio-de-la-renda-tot-el-que-cal-saber\/#primaryimage\"},\"image\":{\"@id\":\"https:\/\/expertiagrup.com\/ca\/blog\/2025\/04\/22\/declaracio-de-la-renda-tot-el-que-cal-saber\/#primaryimage\"},\"thumbnailUrl\":\"https:\/\/expertiagrup.com\/ca\/wp-content\/uploads\/sites\/3\/asuntos-externos-declaracion-IRPF.png\",\"datePublished\":\"2025-04-22T17:06:57+00:00\",\"author\":{\"@id\":\"https:\/\/expertiagrup.com\/ca\/#\/schema\/person\/f175ec6f54386af051b4d6c052c8676f\"},\"description\":\"A l'abril i fins el juny s'obre el termini per fer la declaraci\u00f3 de l'IRPF de l'any anterior. T'expliquem tot el que necessites saber\",\"breadcrumb\":{\"@id\":\"https:\/\/expertiagrup.com\/ca\/blog\/2025\/04\/22\/declaracio-de-la-renda-tot-el-que-cal-saber\/#breadcrumb\"},\"inLanguage\":\"ca\",\"potentialAction\":[{\"@type\":\"ReadAction\",\"target\":[\"https:\/\/expertiagrup.com\/ca\/blog\/2025\/04\/22\/declaracio-de-la-renda-tot-el-que-cal-saber\/\"]}]},{\"@type\":\"ImageObject\",\"inLanguage\":\"ca\",\"@id\":\"https:\/\/expertiagrup.com\/ca\/blog\/2025\/04\/22\/declaracio-de-la-renda-tot-el-que-cal-saber\/#primaryimage\",\"url\":\"https:\/\/expertiagrup.com\/ca\/wp-content\/uploads\/sites\/3\/asuntos-externos-declaracion-IRPF.png\",\"contentUrl\":\"https:\/\/expertiagrup.com\/ca\/wp-content\/uploads\/sites\/3\/asuntos-externos-declaracion-IRPF.png\",\"width\":600,\"height\":436,\"caption\":\"Declaraci\u00f3 de la renda tot el que has de saber\"},{\"@type\":\"BreadcrumbList\",\"@id\":\"https:\/\/expertiagrup.com\/ca\/blog\/2025\/04\/22\/declaracio-de-la-renda-tot-el-que-cal-saber\/#breadcrumb\",\"itemListElement\":[{\"@type\":\"ListItem\",\"position\":1,\"name\":\"Portada\",\"item\":\"https:\/\/expertiagrup.com\/ca\/\"},{\"@type\":\"ListItem\",\"position\":2,\"name\":\"La declaraci\u00f3 de la Renda: tot el que cal saber (sense perdre els nervis pel cam\u00ed)\"}]},{\"@type\":\"WebSite\",\"@id\":\"https:\/\/expertiagrup.com\/ca\/#website\",\"url\":\"https:\/\/expertiagrup.com\/ca\/\",\"name\":\"EXPERTIA GRUP\",\"description\":\"Una Assessoria \u00e9s m\u00e9s apropiada que una Consultoria per abordar solucions de moderada complexitat en \u00e0mbits on el client compta amb experi\u00e8ncia metodol\u00f2gica pr\u00f2pia, per\u00f2 on tot i aix\u00ed requereix contrastar el seu enfocament amb una visi\u00f3 externa, objectiva i experta\",\"potentialAction\":[{\"@type\":\"SearchAction\",\"target\":{\"@type\":\"EntryPoint\",\"urlTemplate\":\"https:\/\/expertiagrup.com\/ca\/?s={search_term_string}\"},\"query-input\":{\"@type\":\"PropertyValueSpecification\",\"valueRequired\":true,\"valueName\":\"search_term_string\"}}],\"inLanguage\":\"ca\"},{\"@type\":\"Person\",\"@id\":\"https:\/\/expertiagrup.com\/ca\/#\/schema\/person\/f175ec6f54386af051b4d6c052c8676f\",\"name\":\"cristina\",\"image\":{\"@type\":\"ImageObject\",\"inLanguage\":\"ca\",\"@id\":\"https:\/\/expertiagrup.com\/ca\/#\/schema\/person\/image\/\",\"url\":\"https:\/\/secure.gravatar.com\/avatar\/24605ad0df0380a1eb3497ea4c291898536bf9ff726cc38e2974e49ca51b7fb9?s=96&d=mm&r=g\",\"contentUrl\":\"https:\/\/secure.gravatar.com\/avatar\/24605ad0df0380a1eb3497ea4c291898536bf9ff726cc38e2974e49ca51b7fb9?s=96&d=mm&r=g\",\"caption\":\"cristina\"},\"url\":\"https:\/\/expertiagrup.com\/ca\/blog\/author\/cristina\/\"}]}<\/script>\n<!-- \/ Yoast SEO plugin. -->","yoast_head_json":{"title":"La declaraci\u00f3 de la Renda: tot el que cal saber (sense perdre els nervis pel cam\u00ed) - EXPERTIA GRUP","description":"A l'abril i fins el juny s'obre el termini per fer la declaraci\u00f3 de l'IRPF de l'any anterior. T'expliquem tot el que necessites saber","robots":{"index":"index","follow":"follow","max-snippet":"max-snippet:-1","max-image-preview":"max-image-preview:large","max-video-preview":"max-video-preview:-1"},"canonical":"https:\/\/expertiagrup.com\/ca\/blog\/2025\/04\/22\/declaracio-de-la-renda-tot-el-que-cal-saber\/","og_locale":"ca_ES","og_type":"article","og_title":"La declaraci\u00f3 de la Renda: tot el que cal saber (sense perdre els nervis pel cam\u00ed) - EXPERTIA GRUP","og_description":"A l'abril i fins el juny s'obre el termini per fer la declaraci\u00f3 de l'IRPF de l'any anterior. T'expliquem tot el que necessites saber","og_url":"https:\/\/expertiagrup.com\/ca\/blog\/2025\/04\/22\/declaracio-de-la-renda-tot-el-que-cal-saber\/","og_site_name":"EXPERTIA GRUP","article_published_time":"2025-04-22T17:06:57+00:00","og_image":[{"width":600,"height":436,"url":"https:\/\/expertiagrup.com\/ca\/wp-content\/uploads\/sites\/3\/asuntos-externos-declaracion-IRPF.png","type":"image\/png"}],"author":"cristina","twitter_card":"summary_large_image","twitter_misc":{"Escrit per":"cristina","Temps estimat de lectura":"6 minuts"},"schema":{"@context":"https:\/\/schema.org","@graph":[{"@type":"WebPage","@id":"https:\/\/expertiagrup.com\/ca\/blog\/2025\/04\/22\/declaracio-de-la-renda-tot-el-que-cal-saber\/","url":"https:\/\/expertiagrup.com\/ca\/blog\/2025\/04\/22\/declaracio-de-la-renda-tot-el-que-cal-saber\/","name":"La declaraci\u00f3 de la Renda: tot el que cal saber (sense perdre els nervis pel cam\u00ed) - EXPERTIA GRUP","isPartOf":{"@id":"https:\/\/expertiagrup.com\/ca\/#website"},"primaryImageOfPage":{"@id":"https:\/\/expertiagrup.com\/ca\/blog\/2025\/04\/22\/declaracio-de-la-renda-tot-el-que-cal-saber\/#primaryimage"},"image":{"@id":"https:\/\/expertiagrup.com\/ca\/blog\/2025\/04\/22\/declaracio-de-la-renda-tot-el-que-cal-saber\/#primaryimage"},"thumbnailUrl":"https:\/\/expertiagrup.com\/ca\/wp-content\/uploads\/sites\/3\/asuntos-externos-declaracion-IRPF.png","datePublished":"2025-04-22T17:06:57+00:00","author":{"@id":"https:\/\/expertiagrup.com\/ca\/#\/schema\/person\/f175ec6f54386af051b4d6c052c8676f"},"description":"A l'abril i fins el juny s'obre el termini per fer la declaraci\u00f3 de l'IRPF de l'any anterior. T'expliquem tot el que necessites saber","breadcrumb":{"@id":"https:\/\/expertiagrup.com\/ca\/blog\/2025\/04\/22\/declaracio-de-la-renda-tot-el-que-cal-saber\/#breadcrumb"},"inLanguage":"ca","potentialAction":[{"@type":"ReadAction","target":["https:\/\/expertiagrup.com\/ca\/blog\/2025\/04\/22\/declaracio-de-la-renda-tot-el-que-cal-saber\/"]}]},{"@type":"ImageObject","inLanguage":"ca","@id":"https:\/\/expertiagrup.com\/ca\/blog\/2025\/04\/22\/declaracio-de-la-renda-tot-el-que-cal-saber\/#primaryimage","url":"https:\/\/expertiagrup.com\/ca\/wp-content\/uploads\/sites\/3\/asuntos-externos-declaracion-IRPF.png","contentUrl":"https:\/\/expertiagrup.com\/ca\/wp-content\/uploads\/sites\/3\/asuntos-externos-declaracion-IRPF.png","width":600,"height":436,"caption":"Declaraci\u00f3 de la renda tot el que has de saber"},{"@type":"BreadcrumbList","@id":"https:\/\/expertiagrup.com\/ca\/blog\/2025\/04\/22\/declaracio-de-la-renda-tot-el-que-cal-saber\/#breadcrumb","itemListElement":[{"@type":"ListItem","position":1,"name":"Portada","item":"https:\/\/expertiagrup.com\/ca\/"},{"@type":"ListItem","position":2,"name":"La declaraci\u00f3 de la Renda: tot el que cal saber (sense perdre els nervis pel cam\u00ed)"}]},{"@type":"WebSite","@id":"https:\/\/expertiagrup.com\/ca\/#website","url":"https:\/\/expertiagrup.com\/ca\/","name":"EXPERTIA GRUP","description":"Una Assessoria \u00e9s m\u00e9s apropiada que una Consultoria per abordar solucions de moderada complexitat en \u00e0mbits on el client compta amb experi\u00e8ncia metodol\u00f2gica pr\u00f2pia, per\u00f2 on tot i aix\u00ed requereix contrastar el seu enfocament amb una visi\u00f3 externa, objectiva i experta","potentialAction":[{"@type":"SearchAction","target":{"@type":"EntryPoint","urlTemplate":"https:\/\/expertiagrup.com\/ca\/?s={search_term_string}"},"query-input":{"@type":"PropertyValueSpecification","valueRequired":true,"valueName":"search_term_string"}}],"inLanguage":"ca"},{"@type":"Person","@id":"https:\/\/expertiagrup.com\/ca\/#\/schema\/person\/f175ec6f54386af051b4d6c052c8676f","name":"cristina","image":{"@type":"ImageObject","inLanguage":"ca","@id":"https:\/\/expertiagrup.com\/ca\/#\/schema\/person\/image\/","url":"https:\/\/secure.gravatar.com\/avatar\/24605ad0df0380a1eb3497ea4c291898536bf9ff726cc38e2974e49ca51b7fb9?s=96&d=mm&r=g","contentUrl":"https:\/\/secure.gravatar.com\/avatar\/24605ad0df0380a1eb3497ea4c291898536bf9ff726cc38e2974e49ca51b7fb9?s=96&d=mm&r=g","caption":"cristina"},"url":"https:\/\/expertiagrup.com\/ca\/blog\/author\/cristina\/"}]}},"_links":{"self":[{"href":"https:\/\/expertiagrup.com\/ca\/wp-json\/wp\/v2\/posts\/302","targetHints":{"allow":["GET"]}}],"collection":[{"href":"https:\/\/expertiagrup.com\/ca\/wp-json\/wp\/v2\/posts"}],"about":[{"href":"https:\/\/expertiagrup.com\/ca\/wp-json\/wp\/v2\/types\/post"}],"author":[{"embeddable":true,"href":"https:\/\/expertiagrup.com\/ca\/wp-json\/wp\/v2\/users\/4"}],"replies":[{"embeddable":true,"href":"https:\/\/expertiagrup.com\/ca\/wp-json\/wp\/v2\/comments?post=302"}],"version-history":[{"count":1,"href":"https:\/\/expertiagrup.com\/ca\/wp-json\/wp\/v2\/posts\/302\/revisions"}],"predecessor-version":[{"id":303,"href":"https:\/\/expertiagrup.com\/ca\/wp-json\/wp\/v2\/posts\/302\/revisions\/303"}],"wp:featuredmedia":[{"embeddable":true,"href":"https:\/\/expertiagrup.com\/ca\/wp-json\/wp\/v2\/media\/304"}],"wp:attachment":[{"href":"https:\/\/expertiagrup.com\/ca\/wp-json\/wp\/v2\/media?parent=302"}],"wp:term":[{"taxonomy":"category","embeddable":true,"href":"https:\/\/expertiagrup.com\/ca\/wp-json\/wp\/v2\/categories?post=302"},{"taxonomy":"post_tag","embeddable":true,"href":"https:\/\/expertiagrup.com\/ca\/wp-json\/wp\/v2\/tags?post=302"}],"curies":[{"name":"wp","href":"https:\/\/api.w.org\/{rel}","templated":true}]}}